[{"@context":"https:\/\/schema.org\/","@type":"Article","@id":"https:\/\/www.rehm.cz\/prednejsi-je-vzdy-rodina\/#Article","mainEntityOfPage":"https:\/\/www.rehm.cz\/prednejsi-je-vzdy-rodina\/","headline":"P\u0159edn\u011bj\u0161\u00ed je v\u017edy rodina","name":"P\u0159edn\u011bj\u0161\u00ed je v\u017edy rodina","description":"Ur\u010dit\u011b si n\u011bkdy \u0159\u00edk\u00e1te, \u017ee \u0161et\u0159it lze, kdy\u017e je z \u010deho Nebankovnihypoteka. Tohle snad \u00fapln\u011b ka\u017ed\u00fd zn\u00e1, proto\u017ee pokud m\u00e1te z \u010deho \u0161et\u0159it, tak v\u011b\u0159te, \u017ee na\u0161et\u0159\u00edte. Ale pokud nem\u00e1te, tak rozhodn\u011b nena\u0161et\u0159\u00edte, a takhle to opravdu v \u017eivot\u011b b\u00fdv\u00e1, proto\u017ee dne\u0161n\u00ed doba je takov\u00e1, \u017ee se v\u0161echno stra\u0161n\u011b zdra\u017euje. A je to prost\u011b opravdu [&hellip;]","datePublished":"2024-03-16","dateModified":"2024-04-16","author":{"@type":"Person","@id":"https:\/\/www.rehm.cz\/author\/#Person","name":"","url":"https:\/\/www.rehm.cz\/author\/","identifier":1,"image":{"@type":"ImageObject","@id":"https:\/\/secure.gravatar.com\/avatar\/8497d718f60c891079802e88ae93b6c100d284127a9ef9549781b221f13b4bab?s=96&d=mm&r=g","url":"https:\/\/secure.gravatar.com\/avatar\/8497d718f60c891079802e88ae93b6c100d284127a9ef9549781b221f13b4bab?s=96&d=mm&r=g","height":96,"width":96}},"publisher":{"@type":"Organization","name":"rehm.cz","logo":{"@type":"ImageObject","@id":"\/logo.png","url":"\/logo.png","width":600,"height":60}},"image":{"@type":"ImageObject","@id":"https:\/\/www.rehm.cz\/wp-content\/uploads\/money-496229_1280_10_10_10_10_10_8.jpg","url":"https:\/\/www.rehm.cz\/wp-content\/uploads\/money-496229_1280_10_10_10_10_10_8.jpg","height":0,"width":0},"url":"https:\/\/www.rehm.cz\/prednejsi-je-vzdy-rodina\/","about":["Ekonomika"],"wordCount":447,"articleBody":"   Ur\u010dit\u011b si n\u011bkdy \u0159\u00edk\u00e1te, \u017ee \u0161et\u0159it lze, kdy\u017e je z \u010deho Nebankovnihypoteka. Tohle snad \u00fapln\u011b ka\u017ed\u00fd zn\u00e1, proto\u017ee pokud m\u00e1te z \u010deho \u0161et\u0159it, tak v\u011b\u0159te, \u017ee na\u0161et\u0159\u00edte. Ale pokud nem\u00e1te, tak rozhodn\u011b nena\u0161et\u0159\u00edte, a takhle to opravdu v \u017eivot\u011b b\u00fdv\u00e1, proto\u017ee dne\u0161n\u00ed doba je takov\u00e1, \u017ee se v\u0161echno stra\u0161n\u011b zdra\u017euje. A je to prost\u011b opravdu velice slo\u017eit\u00e9 pro lidi, a potom se vlastn\u011b i h\u016f\u0159 \u0161et\u0159\u00ed. Proto\u017ee kdybychom t\u0159eba m\u011bli v\u00edc pr\u00e1ce a chodili t\u0159eba do dvou zam\u011bstn\u00e1n\u00ed nebo do t\u0159ech, tak v\u011b\u0159te, \u017ee by se n\u00e1m \u0161et\u0159ilo mnohem v\u00edc, ne\u017e kdy\u017e \u010dlov\u011bk m\u00e1 jenom jednu pr\u00e1ci. Ale n\u011bkdy je to opravdu velice slo\u017eit\u00e9, proto\u017ee pokud m\u00e1te d\u011bti a mus\u00edte se starat o dom\u00e1cnost, tak takov\u00e1 \u017eena na mate\u0159sk\u00e9 rozhodn\u011b \u0161et\u0159it nezvl\u00e1dne, a rozhodn\u011b nezvl\u00e1dne chodit do dvou prac\u00ed, t\u0159eba ur\u010dit\u011b.Chlapi by m\u011bli takovou mo\u017enost, aby opravdu do t\u00e9 pr\u00e1ce chodili, a nejenom do jedn\u00e9, ale opravdu n\u011bkdy se stane to, \u017ee i ten chlap chce prost\u011b tr\u00e1vit s tou rodinou, a prost\u011b u\u017e druhou pr\u00e1ci nechce, a potom se opravdu i mnohem h\u016f\u0159 \u0161et\u0159\u00ed. Na druhou stranu, ale je od chlapa velice hezk\u00e9 a vzorn\u00e9, kdy\u017e opravdu chce tr\u00e1v\u00edte \u010das s tou rodinou. Rozhodn\u011b si mysl\u00edm, \u017ee popravd\u011b by ten chlap m\u011bl b\u00fdt taky doma a v\u011bnovat se rodin\u011b, pe\u010dovat o d\u011bti, proto\u017ee to je to v \u017eivot\u011b to nejkr\u00e1sn\u011bj\u0161\u00ed, co prost\u011b m\u00e1me. Nejenom \u017ee budeme po\u0159\u00e1d chodit do pr\u00e1ce, ale pot\u0159eba je opravdu se v\u011bnovat i t\u011bm d\u011btem. N\u011bkte\u0159\u00ed chlapi jsou takov\u00ed, \u017ee opravdu pracuj\u00ed od r\u00e1na do ve\u010dera, a to i o v\u00edkendech, a ty d\u011bti potom toho tat\u00ednka sv\u00e9ho nev\u00eddaj\u00ed, proto\u017ee prost\u011b on pracuje, a kdy\u017e tat\u00ednek p\u0159ijde ve\u010der dom\u016f, tak ty d\u011bti u\u017e sp\u00ed. A to je prost\u011b \u0161patn\u011b. Rozhodn\u011b ten chlap, kdy\u017e p\u0159ijde dom\u016f, m\u011bl by se prost\u011b v\u011bnovat i t\u00e9 partnerce, i t\u011bm d\u011btem, a zapomenout na to \u0161et\u0159it. Tak\u017ee rozhodn\u011b opravdu n\u011bkdy rodina p\u0159edn\u011bj\u0161\u00ed ne\u017e prost\u011b \u0161et\u0159it, a tak by to prost\u011b m\u011blo b\u00fdt. N\u011bkdy je lep\u0161\u00ed se uskromnit, ale m\u00edt m\u00ed\u0148 pen\u011bz, ale b\u00fdt spokojen\u011bj\u0161\u00ed a tr\u00e1vit \u010das s rodinou.                                                                                                                                                                                                                                                                                                                                                                                          5\/5 - (2 votes)        "},{"@context":"https:\/\/schema.org\/","@type":"BreadcrumbList","itemListElement":[{"@type":"ListItem","position":1,"name":"P\u0159edn\u011bj\u0161\u00ed je v\u017edy rodina","item":"https:\/\/www.rehm.cz\/prednejsi-je-vzdy-rodina\/#breadcrumbitem"}]}]