[{"@context":"https:\/\/schema.org\/","@type":"Article","@id":"https:\/\/www.rehm.cz\/nejkrasnejsi-den\/#Article","mainEntityOfPage":"https:\/\/www.rehm.cz\/nejkrasnejsi-den\/","headline":"Nejkr\u00e1sn\u011bj\u0161\u00ed den","name":"Nejkr\u00e1sn\u011bj\u0161\u00ed den","description":"Aby byl onen den opravdu s velk\u00fdm D, je t\u0159eba za\u0159\u00eddit cel\u00fd seznam v\u011bc\u00ed: objednat ob\u0159ad, restauraci, fotografa, zajistit ozn\u00e1men\u00ed, nechat nap\u00e9ct cukrov\u00ed, pomoci vybrat \u017eenichovi a nev\u011bst\u011b oble\u010den\u00ed, pozvat hosty a tak d\u00e1le, a tak d\u00e1le. Nen\u00ed toho m\u00e1lo, i kdy\u017e ty hlavn\u00ed \u00fakoly, jako je nap\u0159\u00edklad v\u00fdb\u011br a koupi snubn\u00edch prsten\u016f, p\u0159enech\u00e1te t\u011bmnejd\u016fle\u017eit\u011bj\u0161\u00edm. [&hellip;]","datePublished":"2024-11-09","dateModified":"2024-11-09","author":{"@type":"Person","@id":"https:\/\/www.rehm.cz\/author\/#Person","name":"","url":"https:\/\/www.rehm.cz\/author\/","identifier":1,"image":{"@type":"ImageObject","@id":"https:\/\/secure.gravatar.com\/avatar\/8497d718f60c891079802e88ae93b6c100d284127a9ef9549781b221f13b4bab?s=96&d=mm&r=g","url":"https:\/\/secure.gravatar.com\/avatar\/8497d718f60c891079802e88ae93b6c100d284127a9ef9549781b221f13b4bab?s=96&d=mm&r=g","height":96,"width":96}},"publisher":{"@type":"Organization","name":"rehm.cz","logo":{"@type":"ImageObject","@id":"\/logo.png","url":"\/logo.png","width":600,"height":60}},"url":"https:\/\/www.rehm.cz\/nejkrasnejsi-den\/","wordCount":179,"articleBody":"Aby byl onen den opravdu s velk\u00fdm D, je t\u0159eba za\u0159\u00eddit cel\u00fd seznam v\u011bc\u00ed: objednat ob\u0159ad, restauraci, fotografa, zajistit ozn\u00e1men\u00ed, nechat nap\u00e9ct cukrov\u00ed, pomoci vybrat \u017eenichovi a nev\u011bst\u011b oble\u010den\u00ed, pozvat hosty a tak d\u00e1le, a tak d\u00e1le. Nen\u00ed toho m\u00e1lo, i kdy\u017e ty hlavn\u00ed \u00fakoly, jako je nap\u0159\u00edklad v\u00fdb\u011br a koupi snubn\u00edch prsten\u016f, p\u0159enech\u00e1te t\u011bmnejd\u016fle\u017eit\u011bj\u0161\u00edm.\tKdy\u017e u\u017e je v\u0161e na spadnut\u00edJist\u011b tu\u0161\u00edte, podle popisu, o jak\u00fd den se jedn\u00e1. V\u011bt\u0161inou ho mnoz\u00ed za\u017eij\u00ed jenom jedenkr\u00e1t v \u017eivot\u011b, tak\u017ee snahou v\u0161ech by m\u011blo b\u00fdt, aby byl opravdu ten nej nej nej. A kdy\u017e u\u017e je v\u0161e na spadnut\u00ed a za\u010d\u00edn\u00e1 se sj\u00ed\u017ed\u011bt p\u0159\u00edbuzenstvo, vychutnejte si s hlavn\u00edmi akt\u00e9ry ten slavn\u00fd okam\u017eik, kdy snubn\u00ed prsteny stanou na t\u011bch spr\u00e1vn\u00fdch m\u00edstech a na \u0159ad\u011b je onen nejd\u016fle\u017eit\u011bj\u0161\u00ed polibek v jejich \u017eivot\u011b\u2026                                                                                                                                                                                                                                                                                                                                                                                        4.2\/5 - (4 votes)        "},{"@context":"https:\/\/schema.org\/","@type":"BreadcrumbList","itemListElement":[{"@type":"ListItem","position":1,"name":"Nejkr\u00e1sn\u011bj\u0161\u00ed den","item":"https:\/\/www.rehm.cz\/nejkrasnejsi-den\/#breadcrumbitem"}]}]