[{"@context":"https:\/\/schema.org\/","@type":"Article","@id":"https:\/\/www.rehm.cz\/moderni-tocite-schody\/#Article","mainEntityOfPage":"https:\/\/www.rehm.cz\/moderni-tocite-schody\/","headline":"Modern\u00ed to\u010dit\u00e9 schody","name":"Modern\u00ed to\u010dit\u00e9 schody","description":"Tak\u00e9 se v\u00e1m n\u011bkdy stalo, \u017ee jste dostali n\u00e1pad, \u017ee byste si vylep\u0161ili sv\u016fj exteri\u00e9r anebo dokonce tak\u00e9 interi\u00e9r? To j\u00e1 jsem takov\u00e1, \u017ee bych nejrad\u0161i ka\u017ed\u00fd rok n\u011bco v\u017edycky m\u011bnila. Za tohle je m\u016fj partner docela \u010dasto nad\u00e1v\u00e1, proto\u017ee on \u0159\u00edk\u00e1, \u017ee kdyby bylo v\u017edycky po m\u00e9m, tak bychom museli m\u011bs\u00ed\u010dn\u011b vyd\u011bl\u00e1vat ka\u017ed\u00fd tak [&hellip;]","datePublished":"2023-10-15","dateModified":"2023-11-16","author":{"@type":"Person","@id":"https:\/\/www.rehm.cz\/author\/#Person","name":"","url":"https:\/\/www.rehm.cz\/author\/","identifier":1,"image":{"@type":"ImageObject","@id":"https:\/\/secure.gravatar.com\/avatar\/8497d718f60c891079802e88ae93b6c100d284127a9ef9549781b221f13b4bab?s=96&d=mm&r=g","url":"https:\/\/secure.gravatar.com\/avatar\/8497d718f60c891079802e88ae93b6c100d284127a9ef9549781b221f13b4bab?s=96&d=mm&r=g","height":96,"width":96}},"publisher":{"@type":"Organization","name":"rehm.cz","logo":{"@type":"ImageObject","@id":"\/logo.png","url":"\/logo.png","width":600,"height":60}},"image":{"@type":"ImageObject","@id":"https:\/\/www.rehm.cz\/wp-content\/uploads\/ladder-4534056_1280.jpg","url":"https:\/\/www.rehm.cz\/wp-content\/uploads\/ladder-4534056_1280.jpg","height":0,"width":0},"url":"https:\/\/www.rehm.cz\/moderni-tocite-schody\/","about":["Zbo\u017e\u00ed"],"wordCount":427,"articleBody":"   Tak\u00e9 se v\u00e1m n\u011bkdy stalo, \u017ee jste dostali n\u00e1pad, \u017ee byste si vylep\u0161ili sv\u016fj exteri\u00e9r anebo dokonce tak\u00e9 interi\u00e9r? To j\u00e1 jsem takov\u00e1, \u017ee bych nejrad\u0161i ka\u017ed\u00fd rok n\u011bco v\u017edycky m\u011bnila. Za tohle je m\u016fj partner docela \u010dasto nad\u00e1v\u00e1, proto\u017ee on \u0159\u00edk\u00e1, \u017ee kdyby bylo v\u017edycky po m\u00e9m, tak bychom museli m\u011bs\u00ed\u010dn\u011b vyd\u011bl\u00e1vat ka\u017ed\u00fd tak sto pades\u00e1t tis\u00edc\u00ed korun, abychom si mohli dovolit velice \u010dastou \u00fapravu exteri\u00e9r\u016f a tak\u00e9 opravu interi\u00e9ru. Abych se p\u0159iznala, tak pro m\u011b je nejd\u016fle\u017eit\u011bj\u0161\u00ed, abych m\u011bla opravdu kr\u00e1sn\u00fd interi\u00e9r. A proto\u017ee jsem cht\u011bla m\u00edt tak\u00e9 nov\u00e9 schody, my jsme m\u011bli koupen\u00fd star\u00fd d\u016fm a my jsme v tomto star\u00e9m dom\u011b m\u011bli opravdu u\u017e hodn\u011b star\u00e9.Schody byly takov\u00e9 d\u0159ev\u011bn\u00e9 a j\u00e1 si mysl\u00edm, \u017ee u\u017e byly takov\u00e9 dokonce hrub\u00e9 a p\u0159edpokl\u00e1d\u00e1m, \u017ee kdyby potom n\u011bkdo ut\u00edkal rychle a bos\u00ed, tak by si asi zad\u0159el n\u011bjakou t\u0159\u00edsku a tohle rozhodn\u011b nechci dopustit. Tak jsem partnerovi \u0159ekla, co by na to \u0159ekl, kdybychom si t\u0159eba nechali ud\u011blat nov\u00e9 schody? Partner mi \u0159ekl, \u017ee u\u017e takhle nad t\u00edm uva\u017eoval a \u017ee mu \u00fapln\u011b jedno, jak ty schody budou vypadat, proto\u017ee mu jde hlavn\u011b o prakti\u010dnost ne\u017e o design a vzhled. Tohle m\u011b docela pot\u011b\u0161ilo, proto\u017ee jsem alespo\u0148 m\u011bla volnou ruku a mo\u017en\u00e1 tak\u00e9 volnou pen\u011b\u017eenku. Tohle mi partner ne\u0159ekl, kolik vlastn\u011b m\u016f\u017eeme utratit pen\u011bz za nov\u00e9 schody do interi\u00e9ru. Mn\u011b se moc l\u00edb\u00ed to\u010dit\u00e9 schody Kmkdesign.cz. Partnerovi jsem \u0159ekla, \u017ee pro m\u011b by byly nejvhodn\u011bj\u0161\u00ed do interi\u00e9ru d\u00e1t to\u010dit\u00e9 schody, proto\u017ee se mi hodn\u011b l\u00edb\u00ed, a dokonce tohle m\u00e1 tak\u00e9 moje sousedka. Moje sousedka m\u00e1 dokonce tak\u00e9 to\u010dit\u00e9 schody venku, jenom\u017ee j\u00e1 u\u017e vedle sousedky nebydl\u00edm a bydl\u00edme s partnerem, ale oba dva tedy jsme si \u0159ekli, \u017ee kdy\u017e m\u011b se l\u00edb\u00ed to\u010dit\u00e9 schody a m\u00e1m s nimi zku\u0161enosti, tak nebude od v\u011bci, kdy\u017e si tak\u00e9 d\u00e1me k n\u00e1m do interi\u00e9ru nov\u00e9 to\u010dit\u00e9 schody. A z\u00e1le\u017e\u00ed tak\u00e9 na tom, jak\u00e9 si d\u00e1te materi\u00e1ly. My jsme si dali kov a d\u0159evo, proto\u017ee d\u0159evo se n\u00e1m opravdu hodn\u011b l\u00edb\u00ed.                                                                                                                                                                                                                                                                                                                                                                                           3.9\/5 - (18 votes)        "},{"@context":"https:\/\/schema.org\/","@type":"BreadcrumbList","itemListElement":[{"@type":"ListItem","position":1,"name":"Modern\u00ed to\u010dit\u00e9 schody","item":"https:\/\/www.rehm.cz\/moderni-tocite-schody\/#breadcrumbitem"}]}]