[{"@context":"https:\/\/schema.org\/","@type":"Article","@id":"https:\/\/www.rehm.cz\/mladistvy-vzhled-i-pro-vas\/#Article","mainEntityOfPage":"https:\/\/www.rehm.cz\/mladistvy-vzhled-i-pro-vas\/","headline":"Mladistv\u00fd vzhled i pro v\u00e1s","name":"Mladistv\u00fd vzhled i pro v\u00e1s","description":"Snad ka\u017ed\u00e1 \u017eena n\u011bkdy uva\u017eovala nad t\u00edm jak st\u00e1rne. St\u00e1rnut\u00ed je nezvratn\u00fd proces, kter\u00fd se podepisuje na na\u0161em vzhledu. Prvn\u00ed zn\u00e1mkou st\u00e1rnut\u00ed je povisl\u00e1 k\u016f\u017ee, co\u017e zap\u0159\u00ed\u010di\u0148uje vznik vr\u00e1sek. Ve vy\u0161\u0161\u00edm v\u011bku nav\u00edc vznikaj\u00ed i pigmentov\u00e9 skvrny. Proti ob\u011bma zn\u00e1mk\u00e1m st\u00e1rnut\u00ed jde bojovat preventivn\u011b, ale prevenci se mnoho \u017een nev\u011bnuje. \u0158e\u0161it potom vznikl\u00e9 vr\u00e1sky a [&hellip;]","datePublished":"2024-03-23","dateModified":"2024-03-23","author":{"@type":"Person","@id":"https:\/\/www.rehm.cz\/author\/#Person","name":"","url":"https:\/\/www.rehm.cz\/author\/","identifier":1,"image":{"@type":"ImageObject","@id":"https:\/\/secure.gravatar.com\/avatar\/8497d718f60c891079802e88ae93b6c100d284127a9ef9549781b221f13b4bab?s=96&d=mm&r=g","url":"https:\/\/secure.gravatar.com\/avatar\/8497d718f60c891079802e88ae93b6c100d284127a9ef9549781b221f13b4bab?s=96&d=mm&r=g","height":96,"width":96}},"publisher":{"@type":"Organization","name":"rehm.cz","logo":{"@type":"ImageObject","@id":"\/logo.png","url":"\/logo.png","width":600,"height":60}},"image":{"@type":"ImageObject","@id":"https:\/\/www.rehm.cz\/wp-content\/uploads\/pexels-senanur-ulusoy-182138396-14832252.jpg","url":"https:\/\/www.rehm.cz\/wp-content\/uploads\/pexels-senanur-ulusoy-182138396-14832252.jpg","height":0,"width":0},"url":"https:\/\/www.rehm.cz\/mladistvy-vzhled-i-pro-vas\/","about":["Zbo\u017e\u00ed"],"wordCount":395,"articleBody":"      Snad ka\u017ed\u00e1 \u017eena n\u011bkdy uva\u017eovala nad t\u00edm jak st\u00e1rne. St\u00e1rnut\u00ed je nezvratn\u00fd proces, kter\u00fd se podepisuje na na\u0161em vzhledu. Prvn\u00ed zn\u00e1mkou st\u00e1rnut\u00ed je povisl\u00e1 k\u016f\u017ee, co\u017e zap\u0159\u00ed\u010di\u0148uje vznik vr\u00e1sek. Ve vy\u0161\u0161\u00edm v\u011bku nav\u00edc vznikaj\u00ed i pigmentov\u00e9 skvrny. Proti ob\u011bma zn\u00e1mk\u00e1m st\u00e1rnut\u00ed jde bojovat preventivn\u011b, ale prevenci se mnoho \u017een nev\u011bnuje. \u0158e\u0161it potom vznikl\u00e9 vr\u00e1sky a skvrny nen\u00ed jednoduch\u00e9, a v\u011bt\u0161inou pom\u016f\u017eou jen estetick\u00e9 z\u00e1kroky, kter\u00e9 jsou drah\u00e9 a \u010dasto i bolestiv\u00e9. Daleko jednodu\u0161\u0161\u00ed je v\u011bnovat se vhodn\u00e9 kosmetice a u\u017e\u00edv\u00e1n\u00ed kvalitn\u00edch dopl\u0148k\u016f stravy, kter\u00e9 maj\u00ed mo\u017enost n\u00e1\u0161 vzhled ovlivnit.Jak v\u00e1m pomohou? Na stav pleti m\u00e1 nejv\u011bt\u0161\u00ed vliv to co j\u00edte a pijete. Je velice d\u016fle\u017eit\u00e9 opravdu db\u00e1t na pitn\u00fd re\u017eim. Dostate\u010dn\u00e1 hydratace je d\u016fle\u017eit\u00e1 i z hlediska vst\u0159eb\u00e1v\u00e1n\u00ed a pln\u00e9 funk\u010dnosti mnoha dopl\u0148k\u016f stravy, kter\u00e9 se v\u00e1\u017eou pr\u00e1v\u011b na molekuly vody. Jedn\u00edm z t\u011bchto dopl\u0148k\u016f je kolagen, kter\u00fd byste rozhodn\u011b m\u011bla dopl\u0148ovat, proto\u017ee jeho hladina kles\u00e1 v t\u011ble ka\u017ed\u00fdm rokem u\u017e okolo 30. roku.Zkusit m\u016f\u017eete t\u0159eba Orca Collagen 3 balen\u00ed (90 s\u00e1\u010dk\u016f) orcacollagen.cz, kter\u00e9 v\u00e1m vysta\u010d\u00ed zhruba na 2-3 m\u011bs\u00edce podle va\u0161eho d\u00e1vkov\u00e1n\u00ed. To si mus\u00ed ka\u017ed\u00fd upravit individu\u00e1ln\u011b, proto\u017ee ka\u017ed\u00fd m\u00e1 jinou hladinu kolagenu v t\u011ble. Ne\u010dekejte ale \u017ee kdy\u017e budete pou\u017e\u00edvat v\u00edce kolagenu ka\u017ed\u00fd den, \u017ee to bude m\u00edt z\u00e1zra\u010dn\u00fd efekt. Nen\u00ed to tak, ale \u010d\u00edm d\u0159\u00edve za\u010dnete kolagen u\u017e\u00edvat, optim\u00e1ln\u011b u\u017e opravdu okolo 30. roku, nebudete m\u00edt tolik vr\u00e1sek jako va\u0161e vrstevnice.Pro\u010d Orca? Orca collagen je jedn\u00edm z mnoha kolagen\u016f, kter\u00e9 posledn\u00ed roky bojuj\u00ed o p\u0159\u00edze\u0148 lid\u00ed. Reklamy c\u00edl\u00ed zejm\u00e9na na \u017eeny, am noc\u00ed v\u00fdrobky slibuj\u00ed doslova z\u00e1zraky, kter\u00e9 ale nemohou splnit. Orca m\u00e1 mnoho v\u011bdeck\u00fdch studi\u00ed, kter\u00e9 potvrdily \u00fa\u010dinek tohoto kolagenu. Z\u00e1rove\u0148 m\u00e1te mo\u017enost st\u00e1t se \u010dlenem VIP klubu, kter\u00fd v\u00e1m umo\u017en\u00ed z\u00edsk\u00e1vat kolagen ka\u017ed\u00fd m\u011bs\u00edc za lep\u0161\u00ed cenu a s dopravou zdarma.                                                                                                                                                                                                                                                                                                                                                                                          4.7\/5 - (3 votes)        "},{"@context":"https:\/\/schema.org\/","@type":"BreadcrumbList","itemListElement":[{"@type":"ListItem","position":1,"name":"Mladistv\u00fd vzhled i pro v\u00e1s","item":"https:\/\/www.rehm.cz\/mladistvy-vzhled-i-pro-vas\/#breadcrumbitem"}]}]