{"@context":"https:\/\/schema.org\/","@type":"CollectionPage","@id":"https:\/\/www.rehm.cz\/laska\/#CollectionPage","headline":"L\u00e1ska Category","description":"","url":"https:\/\/www.rehm.cz\/laska\/","hasPart":[{"@type":"Article","@id":"https:\/\/www.rehm.cz\/zbytecne-hadky\/","headline":"Zbyte\u010dn\u00e9 h\u00e1dky","url":"https:\/\/www.rehm.cz\/zbytecne-hadky\/","datePublished":"2024-05-29","dateModified":"2024-05-29","mainEntityOfPage":"https:\/\/www.rehm.cz\/zbytecne-hadky\/","author":{"@type":"Person","@id":"https:\/\/www.rehm.cz\/author\/#Person","name":"","url":"https:\/\/www.rehm.cz\/author\/","identifier":1,"image":{"@type":"ImageObject","@id":"https:\/\/secure.gravatar.com\/avatar\/8497d718f60c891079802e88ae93b6c100d284127a9ef9549781b221f13b4bab?s=96&d=mm&r=g","url":"https:\/\/secure.gravatar.com\/avatar\/8497d718f60c891079802e88ae93b6c100d284127a9ef9549781b221f13b4bab?s=96&d=mm&r=g","height":96,"width":96}},"publisher":{"@type":"Organization","name":"rehm.cz","logo":{"@type":"ImageObject","@id":"\/logo.png","url":"\/logo.png","width":600,"height":60}},"image":{"@type":"ImageObject","@id":"https:\/\/www.rehm.cz\/wp-content\/uploads\/l%C3%A1ska_3.jpg","url":"https:\/\/www.rehm.cz\/wp-content\/uploads\/l%C3%A1ska_3.jpg","height":0,"width":0},"keywords":null},{"@type":"Article","@id":"https:\/\/www.rehm.cz\/muze-laska-vydrzet-dlouhodobe\/","headline":"M\u016f\u017ee l\u00e1ska vydr\u017eet dlouhodob\u011b?","url":"https:\/\/www.rehm.cz\/muze-laska-vydrzet-dlouhodobe\/","datePublished":"2023-11-28","dateModified":"2024-01-02","mainEntityOfPage":"https:\/\/www.rehm.cz\/muze-laska-vydrzet-dlouhodobe\/","author":{"@type":"Person","@id":"https:\/\/www.rehm.cz\/author\/#Person","name":"","url":"https:\/\/www.rehm.cz\/author\/","identifier":1,"image":{"@type":"ImageObject","@id":"https:\/\/secure.gravatar.com\/avatar\/8497d718f60c891079802e88ae93b6c100d284127a9ef9549781b221f13b4bab?s=96&d=mm&r=g","url":"https:\/\/secure.gravatar.com\/avatar\/8497d718f60c891079802e88ae93b6c100d284127a9ef9549781b221f13b4bab?s=96&d=mm&r=g","height":96,"width":96}},"publisher":{"@type":"Organization","name":"rehm.cz","logo":{"@type":"ImageObject","@id":"\/logo.png","url":"\/logo.png","width":600,"height":60}},"image":{"@type":"ImageObject","@id":"https:\/\/www.rehm.cz\/wp-content\/uploads\/heart-762564_1280_2.jpg","url":"https:\/\/www.rehm.cz\/wp-content\/uploads\/heart-762564_1280_2.jpg","height":0,"width":0},"keywords":null},{"@type":"Article","@id":"https:\/\/www.rehm.cz\/ma-vase-dite-svou-prvni-lasku-jak-se-k-tomu-postavit-jako-rodic-a-je-dobre-diteti-radit-nebo-neco-zakazovat\/","headline":"M\u00e1 va\u0161e d\u00edt\u011b svou prvn\u00ed l\u00e1sku? Jak se k tomu postavit jako rodi\u010d a je dobr\u00e9 d\u00edt\u011bti radit nebo n\u011bco zakazovat?","url":"https:\/\/www.rehm.cz\/ma-vase-dite-svou-prvni-lasku-jak-se-k-tomu-postavit-jako-rodic-a-je-dobre-diteti-radit-nebo-neco-zakazovat\/","datePublished":"2023-06-17","dateModified":"2024-05-20","mainEntityOfPage":"https:\/\/www.rehm.cz\/ma-vase-dite-svou-prvni-lasku-jak-se-k-tomu-postavit-jako-rodic-a-je-dobre-diteti-radit-nebo-neco-zakazovat\/","author":{"@type":"Person","@id":"https:\/\/www.rehm.cz\/author\/#Person","name":"","url":"https:\/\/www.rehm.cz\/author\/","identifier":1,"image":{"@type":"ImageObject","@id":"https:\/\/secure.gravatar.com\/avatar\/8497d718f60c891079802e88ae93b6c100d284127a9ef9549781b221f13b4bab?s=96&d=mm&r=g","url":"https:\/\/secure.gravatar.com\/avatar\/8497d718f60c891079802e88ae93b6c100d284127a9ef9549781b221f13b4bab?s=96&d=mm&r=g","height":96,"width":96}},"publisher":{"@type":"Organization","name":"rehm.cz","logo":{"@type":"ImageObject","@id":"\/logo.png","url":"\/logo.png","width":600,"height":60}},"image":{"@type":"ImageObject","@id":"https:\/\/www.rehm.cz\/wp-content\/uploads\/couple-498484_640_4.jpg","url":"https:\/\/www.rehm.cz\/wp-content\/uploads\/couple-498484_640_4.jpg","height":0,"width":0},"keywords":null},{"@type":"Article","@id":"https:\/\/www.rehm.cz\/vyzrajte-na-zarlivost-a-nenechte-si-ji-znicit-vztah-hlavni-je-komunikace\/","headline":"Vyzrajte na \u017e\u00e1rlivost a nenechte si j\u00ed zni\u010dit vztah, hlavn\u00ed je komunikace!","url":"https:\/\/www.rehm.cz\/vyzrajte-na-zarlivost-a-nenechte-si-ji-znicit-vztah-hlavni-je-komunikace\/","datePublished":"2023-05-22","dateModified":"2024-02-22","mainEntityOfPage":"https:\/\/www.rehm.cz\/vyzrajte-na-zarlivost-a-nenechte-si-ji-znicit-vztah-hlavni-je-komunikace\/","author":{"@type":"Person","@id":"https:\/\/www.rehm.cz\/author\/#Person","name":"","url":"https:\/\/www.rehm.cz\/author\/","identifier":1,"image":{"@type":"ImageObject","@id":"https:\/\/secure.gravatar.com\/avatar\/8497d718f60c891079802e88ae93b6c100d284127a9ef9549781b221f13b4bab?s=96&d=mm&r=g","url":"https:\/\/secure.gravatar.com\/avatar\/8497d718f60c891079802e88ae93b6c100d284127a9ef9549781b221f13b4bab?s=96&d=mm&r=g","height":96,"width":96}},"publisher":{"@type":"Organization","name":"rehm.cz","logo":{"@type":"ImageObject","@id":"\/logo.png","url":"\/logo.png","width":600,"height":60}},"image":{"@type":"ImageObject","@id":"https:\/\/www.rehm.cz\/wp-content\/uploads\/infidelity-379565_640.jpg","url":"https:\/\/www.rehm.cz\/wp-content\/uploads\/infidelity-379565_640.jpg","height":0,"width":0},"keywords":null}]}