[{"@context":"https:\/\/schema.org\/","@type":"Article","@id":"https:\/\/www.rehm.cz\/firma-s-dlouholetymi-zkusenostmi-vas-nezklame\/#Article","mainEntityOfPage":"https:\/\/www.rehm.cz\/firma-s-dlouholetymi-zkusenostmi-vas-nezklame\/","headline":"Firma s dlouholet\u00fdmi zku\u0161enostmi V\u00e1s nezklame","name":"Firma s dlouholet\u00fdmi zku\u0161enostmi V\u00e1s nezklame","description":"Nev\u00edte si rady s v\u00fdb\u011brem interi\u00e9rov\u00fdch dve\u0159\u00ed do Va\u0161eho bytu? Na\u0161e firma se zab\u00fdv\u00e1 v\u00fdrobou t\u011bchto produkt\u016f u\u017e od roku 1996 a za dobu na\u0161eho p\u016fsoben\u00ed jsme z\u00edskali mnoho cenn\u00fdch zku\u0161enost\u00ed. Tak neztr\u00e1cejte \u010das a p\u0159ij\u010fte si je koupit pr\u00e1v\u011b k n\u00e1m. U n\u00e1s je mo\u017en\u00e1 i v\u00fdroba na m\u00edru. Velmi obl\u00edben\u00e1 je kombinace d\u0159eva [&hellip;]","datePublished":"2024-11-14","dateModified":"2024-11-14","author":{"@type":"Person","@id":"https:\/\/www.rehm.cz\/author\/#Person","name":"","url":"https:\/\/www.rehm.cz\/author\/","identifier":1,"image":{"@type":"ImageObject","@id":"https:\/\/secure.gravatar.com\/avatar\/8497d718f60c891079802e88ae93b6c100d284127a9ef9549781b221f13b4bab?s=96&d=mm&r=g","url":"https:\/\/secure.gravatar.com\/avatar\/8497d718f60c891079802e88ae93b6c100d284127a9ef9549781b221f13b4bab?s=96&d=mm&r=g","height":96,"width":96}},"publisher":{"@type":"Organization","name":"rehm.cz","logo":{"@type":"ImageObject","@id":"\/logo.png","url":"\/logo.png","width":600,"height":60}},"url":"https:\/\/www.rehm.cz\/firma-s-dlouholetymi-zkusenostmi-vas-nezklame\/","wordCount":203,"articleBody":"Nev\u00edte si rady s v\u00fdb\u011brem interi\u00e9rov\u00fdch dve\u0159\u00ed do Va\u0161eho bytu? Na\u0161e firma se zab\u00fdv\u00e1 v\u00fdrobou t\u011bchto produkt\u016f u\u017e od roku 1996 a za dobu na\u0161eho p\u016fsoben\u00ed jsme z\u00edskali mnoho cenn\u00fdch zku\u0161enost\u00ed. Tak neztr\u00e1cejte \u010das a p\u0159ij\u010fte si je koupit pr\u00e1v\u011b k n\u00e1m. U n\u00e1s je mo\u017en\u00e1 i v\u00fdroba na m\u00edru. Velmi obl\u00edben\u00e1 je kombinace d\u0159eva a skla, dejte si je do ka\u017ed\u00e9 m\u00edstnosti ve Va\u0161em dom\u011b, a\u0165 prostor p\u016fsob\u00ed sjednocen\u00fdm dojmem.N\u011bkolik d\u016fvod\u016f, pro\u010d si vybrat zrovna na\u0161i firmuDve\u0159e Plze\u0148 vynikaj\u00ed sv\u00fdm modern\u00edm vzhledem, kvalitou i propracovan\u00fdmi detaily. U n\u00e1s si p\u0159ijde na sv\u00e9 opravdu ka\u017ed\u00fd a nav\u00edc tyto produkty nab\u00edz\u00edme za v\u00fdhodn\u00e9 ceny, p\u0159esto v t\u00e9 nejlep\u0161\u00ed kvalit\u011b. Pot\u011b\u0161\u00edme i n\u00e1ro\u010dn\u011bj\u0161\u00ed klientelu, kter\u00e9 na cen\u011b p\u0159\u00edli\u0161 nesejde. Vyberte si u n\u00e1s t\u00e9\u017e kr\u00e1sn\u00e9 kliky, kov\u00e1n\u00ed a dal\u0161\u00ed dopl\u0148ky v r\u016fzn\u00e9 povrchov\u00e9 \u00faprav\u011b, kter\u00e9 odeb\u00edr\u00e1me od p\u0159edn\u00edho \u010desk\u00e9ho v\u00fdrobce.                                                                                                                                                                                                                                                                                                                                                                                        5\/5 - (4 votes)        "},{"@context":"https:\/\/schema.org\/","@type":"BreadcrumbList","itemListElement":[{"@type":"ListItem","position":1,"name":"Firma s dlouholet\u00fdmi zku\u0161enostmi V\u00e1s nezklame","item":"https:\/\/www.rehm.cz\/firma-s-dlouholetymi-zkusenostmi-vas-nezklame\/#breadcrumbitem"}]}]