[{"@context":"https:\/\/schema.org\/","@type":"Article","@id":"https:\/\/www.rehm.cz\/cim-vas-potesi-navsteva-barber-shopu\/#Article","mainEntityOfPage":"https:\/\/www.rehm.cz\/cim-vas-potesi-navsteva-barber-shopu\/","headline":"\u010c\u00edm v\u00e1s pot\u011b\u0161\u00ed n\u00e1v\u0161t\u011bva barber shopu","name":"\u010c\u00edm v\u00e1s pot\u011b\u0161\u00ed n\u00e1v\u0161t\u011bva barber shopu","description":"Dobr\u00e1 rada \u2013 povol\u00e1n\u00ed kade\u0159n\u00edka \u010di barbera m\u00e1 pom\u011brn\u011b bl\u00edzko k um\u011bleck\u00fdm \u0159emesl\u016fm. N\u011bkte\u0159\u00ed profesion\u00e1lov\u00e9 dovedou vhodn\u011b poradit, jak\u00fd sest\u0159ih vlas\u016f \u010di \u00faprava vous\u016f v\u00e1m bude slu\u0161et v\u00edc, ne\u017e to, co nos\u00edte nyn\u00ed. Mohou v\u00e1s odradit od n\u011bjak\u00e9ho nevhodn\u00e9ho postupu \u00fapravy zevn\u011bj\u0161ku, barven\u00ed vlas\u016f atp. N\u00e1v\u0161t\u011bva barber shopu v Praze pro v\u00e1s m\u016f\u017ee b\u00fdt inspirativn\u00ed [&hellip;]","datePublished":"2024-11-13","dateModified":"2024-11-13","author":{"@type":"Person","@id":"https:\/\/www.rehm.cz\/author\/#Person","name":"","url":"https:\/\/www.rehm.cz\/author\/","identifier":1,"image":{"@type":"ImageObject","@id":"https:\/\/secure.gravatar.com\/avatar\/8497d718f60c891079802e88ae93b6c100d284127a9ef9549781b221f13b4bab?s=96&d=mm&r=g","url":"https:\/\/secure.gravatar.com\/avatar\/8497d718f60c891079802e88ae93b6c100d284127a9ef9549781b221f13b4bab?s=96&d=mm&r=g","height":96,"width":96}},"publisher":{"@type":"Organization","name":"rehm.cz","logo":{"@type":"ImageObject","@id":"\/logo.png","url":"\/logo.png","width":600,"height":60}},"image":{"@type":"ImageObject","@id":"https:\/\/www.rehm.cz\/wp-content\/uploads\/barber-6818709_640_1.jpg","url":"https:\/\/www.rehm.cz\/wp-content\/uploads\/barber-6818709_640_1.jpg","height":0,"width":0},"url":"https:\/\/www.rehm.cz\/cim-vas-potesi-navsteva-barber-shopu\/","about":["Slu\u017eby"],"wordCount":417,"articleBody":"        Dobr\u00e1 rada \u2013 povol\u00e1n\u00ed kade\u0159n\u00edka \u010di barbera m\u00e1 pom\u011brn\u011b bl\u00edzko k um\u011bleck\u00fdm \u0159emesl\u016fm. N\u011bkte\u0159\u00ed profesion\u00e1lov\u00e9 dovedou vhodn\u011b poradit, jak\u00fd sest\u0159ih vlas\u016f \u010di \u00faprava vous\u016f v\u00e1m bude slu\u0161et v\u00edc, ne\u017e to, co nos\u00edte nyn\u00ed. Mohou v\u00e1s odradit od n\u011bjak\u00e9ho nevhodn\u00e9ho postupu \u00fapravy zevn\u011bj\u0161ku, barven\u00ed vlas\u016f atp. N\u00e1v\u0161t\u011bva barber shopu v Praze pro v\u00e1s m\u016f\u017ee b\u00fdt inspirativn\u00ed v tom smyslu, \u017ee si uv\u011bdom\u00edte, jak velk\u00fd vliv m\u016f\u017ee m\u00edt vhodn\u00fd \u010di naopak nevhodn\u00fd tvar vlasov\u00e9 pokr\u00fdvky a vous\u016f. Samoz\u0159ejm\u011b z\u00e1le\u017e\u00ed i na va\u0161em osobit\u00e9m vkusu, a zda ocen\u00edte radu profesion\u00e1la, je v\u017edy na va\u0161em rozhodnut\u00ed.Profesion\u00e1ln\u00ed v\u00fdkon \u2013 od profesion\u00e1l\u016f o\u010dek\u00e1vejte v\u00fdkon odpov\u00eddaj\u00edc\u00ed jejich zru\u010dnosti a zku\u0161enostem. Mimochodem pr\u00e1v\u011b kade\u0159nick\u00e9 slu\u017eby jsou jednou z t\u011bch, kter\u00e9 si v\u011bt\u0161ina z n\u00e1s nedovede obstarat sv\u00e9pomoc\u00ed. Je to podobn\u00e9, jako kdybyste si m\u011bli sami vrtat bolav\u00fd zub nebo operovat z\u00e1n\u011bt slep\u00e9ho st\u0159eva. Na kus \u0159e\u010di \u2013 v\u00edte, \u017ee mnoz\u00ed lid\u00e9 nav\u0161t\u011bvuj\u00ed barber shopy, aby si tu i popov\u00eddali? Nemus\u00edte vysloven\u011b s kade\u0159n\u00edky debatovat na slo\u017eit\u00e1 politick\u00e1 \u010di jin\u00e1 spole\u010densk\u00e1 t\u00e9mata a vy\u017eadovat od nich osobn\u00ed n\u00e1zor, m\u016f\u017eete v\u00e9st rozhovor v neform\u00e1ln\u00ed rovin\u011b, t\u0159eba jen o po\u010das\u00ed. Podstatn\u00e9 je, \u017ee se tu uvoln\u00edte, zbav\u00edte stresu a zlep\u0161\u00edte n\u00e1ladu. A to je tak\u00e9 c\u00edlem posezen\u00ed v t\u011bchto sal\u00f3nech. V\u00edce provozoven \u2013 barber shop v Praze https:\/\/thecrownbarbershop.cz\/ p\u016fsob\u00ed na v\u00edce adres\u00e1ch, najdete jej v D\u011blnick\u00e9 a Tusarov\u011b ulici v Hole\u0161ovic\u00edch anebo v Dejvic\u00edch nedaleko stanice metra Hrad\u010dansk\u00e1. Dal\u0161\u00ed provozovny s\u00eddl\u00ed v Kladn\u011b, v Kralupech nad Vltavou a v Hostivici. V\u00edce provozoven znamen\u00e1 v\u00edce mo\u017enost\u00ed a pru\u017en\u011bj\u0161\u00ed rozhodov\u00e1n\u00ed, s ohledem na va\u0161e m\u00edsto bydli\u0161t\u011b \u010di pracovi\u0161t\u011b. Jestli\u017ee chyst\u00e1te rodinnou oslavu, nap\u0159\u00edklad svatbu, je mo\u017en\u00e9 pozvat barbera k v\u00e1m dom\u016f, aby se tu v\u011bnoval va\u0161im svatebn\u00edm host\u016fm. Barber stejn\u011b tak m\u016f\u017ee obslou\u017eit z\u00e1kazn\u00edka, pokud je upout\u00e1n na l\u016f\u017eko nap\u0159\u00edklad po t\u011b\u017ek\u00e9m \u00farazu.                                                                                                                                                                                                                                                                                                                                                                                          4.1\/5 - (16 votes)        "},{"@context":"https:\/\/schema.org\/","@type":"BreadcrumbList","itemListElement":[{"@type":"ListItem","position":1,"name":"\u010c\u00edm v\u00e1s pot\u011b\u0161\u00ed n\u00e1v\u0161t\u011bva barber shopu","item":"https:\/\/www.rehm.cz\/cim-vas-potesi-navsteva-barber-shopu\/#breadcrumbitem"}]}]