[{"@context":"https:\/\/schema.org\/","@type":"Blog","@id":"https:\/\/www.rehm.cz#Blog","headline":"Rehm","description":"\nNe ka\u017ed\u00fd web je u\u017eite\u010dn\u00fd, a ne ka\u017ed\u00fd je u\u017eite\u010dn\u00fd tak, jak by tomu m\u011blo b\u00fdt. A kdy\u017e tedy n\u011bkdo pot\u0159ebuje skute\u010dnou internetovou pomoc, pot\u0159ebuje n\u00e1\u0161 web.","url":"https:\/\/www.rehm.cz","hasPart":[{"@type":"Article","@id":"https:\/\/www.rehm.cz\/jde-to-i-rychleji\/","headline":"Jde to i rychleji","url":"https:\/\/www.rehm.cz\/jde-to-i-rychleji\/","datePublished":"2025-10-19","dateModified":"2025-10-19","mainEntityOfPage":"https:\/\/www.rehm.cz\/jde-to-i-rychleji\/","author":{"@type":"Person","@id":"https:\/\/www.rehm.cz\/author\/#Person","name":"","url":"https:\/\/www.rehm.cz\/author\/","identifier":1,"image":{"@type":"ImageObject","@id":"https:\/\/secure.gravatar.com\/avatar\/8497d718f60c891079802e88ae93b6c100d284127a9ef9549781b221f13b4bab?s=96&d=mm&r=g","url":"https:\/\/secure.gravatar.com\/avatar\/8497d718f60c891079802e88ae93b6c100d284127a9ef9549781b221f13b4bab?s=96&d=mm&r=g","height":96,"width":96}},"publisher":{"@type":"Organization","name":"rehm.cz","logo":{"@type":"ImageObject","@id":"\/logo.png","url":"\/logo.png","width":600,"height":60}},"image":null,"wordCount":439,"keywords":null},{"@type":"Article","@id":"https:\/\/www.rehm.cz\/skvela-volba\/","headline":"Skv\u011bl\u00e1 volba","url":"https:\/\/www.rehm.cz\/skvela-volba\/","datePublished":"2025-08-24","dateModified":"2025-08-24","mainEntityOfPage":"https:\/\/www.rehm.cz\/skvela-volba\/","author":{"@type":"Person","@id":"https:\/\/www.rehm.cz\/author\/#Person","name":"","url":"https:\/\/www.rehm.cz\/author\/","identifier":1,"image":{"@type":"ImageObject","@id":"https:\/\/secure.gravatar.com\/avatar\/8497d718f60c891079802e88ae93b6c100d284127a9ef9549781b221f13b4bab?s=96&d=mm&r=g","url":"https:\/\/secure.gravatar.com\/avatar\/8497d718f60c891079802e88ae93b6c100d284127a9ef9549781b221f13b4bab?s=96&d=mm&r=g","height":96,"width":96}},"publisher":{"@type":"Organization","name":"rehm.cz","logo":{"@type":"ImageObject","@id":"\/logo.png","url":"\/logo.png","width":600,"height":60}},"image":null,"wordCount":203,"keywords":null},{"@type":"Article","@id":"https:\/\/www.rehm.cz\/vse-podle-vas\/","headline":"V\u0161e podle V\u00e1s!","url":"https:\/\/www.rehm.cz\/vse-podle-vas\/","datePublished":"2025-08-17","dateModified":"2025-08-17","mainEntityOfPage":"https:\/\/www.rehm.cz\/vse-podle-vas\/","author":{"@type":"Person","@id":"https:\/\/www.rehm.cz\/author\/#Person","name":"","url":"https:\/\/www.rehm.cz\/author\/","identifier":1,"image":{"@type":"ImageObject","@id":"https:\/\/secure.gravatar.com\/avatar\/8497d718f60c891079802e88ae93b6c100d284127a9ef9549781b221f13b4bab?s=96&d=mm&r=g","url":"https:\/\/secure.gravatar.com\/avatar\/8497d718f60c891079802e88ae93b6c100d284127a9ef9549781b221f13b4bab?s=96&d=mm&r=g","height":96,"width":96}},"publisher":{"@type":"Organization","name":"rehm.cz","logo":{"@type":"ImageObject","@id":"\/logo.png","url":"\/logo.png","width":600,"height":60}},"image":null,"wordCount":238,"keywords":null},{"@type":"Article","@id":"https:\/\/www.rehm.cz\/na-co-si-male-holcicky-si-hraji-nejradeji\/","headline":"Na co si mal\u00e9 hol\u010di\u010dky si hraj\u00ed nejrad\u011bji?","url":"https:\/\/www.rehm.cz\/na-co-si-male-holcicky-si-hraji-nejradeji\/","datePublished":"2025-08-11","dateModified":"2025-08-11","mainEntityOfPage":"https:\/\/www.rehm.cz\/na-co-si-male-holcicky-si-hraji-nejradeji\/","author":{"@type":"Person","@id":"https:\/\/www.rehm.cz\/author\/#Person","name":"","url":"https:\/\/www.rehm.cz\/author\/","identifier":1,"image":{"@type":"ImageObject","@id":"https:\/\/secure.gravatar.com\/avatar\/8497d718f60c891079802e88ae93b6c100d284127a9ef9549781b221f13b4bab?s=96&d=mm&r=g","url":"https:\/\/secure.gravatar.com\/avatar\/8497d718f60c891079802e88ae93b6c100d284127a9ef9549781b221f13b4bab?s=96&d=mm&r=g","height":96,"width":96}},"publisher":{"@type":"Organization","name":"rehm.cz","logo":{"@type":"ImageObject","@id":"\/logo.png","url":"\/logo.png","width":600,"height":60}},"image":null,"wordCount":231,"keywords":null},{"@type":"Article","@id":"https:\/\/www.rehm.cz\/sbohem-zvedave-pohledy\/","headline":"Sbohem, zv\u011bdav\u00e9 pohledy","url":"https:\/\/www.rehm.cz\/sbohem-zvedave-pohledy\/","datePublished":"2025-08-05","dateModified":"2025-08-05","mainEntityOfPage":"https:\/\/www.rehm.cz\/sbohem-zvedave-pohledy\/","author":{"@type":"Person","@id":"https:\/\/www.rehm.cz\/author\/#Person","name":"","url":"https:\/\/www.rehm.cz\/author\/","identifier":1,"image":{"@type":"ImageObject","@id":"https:\/\/secure.gravatar.com\/avatar\/8497d718f60c891079802e88ae93b6c100d284127a9ef9549781b221f13b4bab?s=96&d=mm&r=g","url":"https:\/\/secure.gravatar.com\/avatar\/8497d718f60c891079802e88ae93b6c100d284127a9ef9549781b221f13b4bab?s=96&d=mm&r=g","height":96,"width":96}},"publisher":{"@type":"Organization","name":"rehm.cz","logo":{"@type":"ImageObject","@id":"\/logo.png","url":"\/logo.png","width":600,"height":60}},"image":null,"wordCount":231,"keywords":null},{"@type":"Article","@id":"https:\/\/www.rehm.cz\/zasnubni-prsteny-na-zakazku\/","headline":"Z\u00e1snubn\u00ed prsteny na zak\u00e1zku","url":"https:\/\/www.rehm.cz\/zasnubni-prsteny-na-zakazku\/","datePublished":"2025-07-31","dateModified":"2025-07-31","mainEntityOfPage":"https:\/\/www.rehm.cz\/zasnubni-prsteny-na-zakazku\/","author":{"@type":"Person","@id":"https:\/\/www.rehm.cz\/author\/#Person","name":"","url":"https:\/\/www.rehm.cz\/author\/","identifier":1,"image":{"@type":"ImageObject","@id":"https:\/\/secure.gravatar.com\/avatar\/8497d718f60c891079802e88ae93b6c100d284127a9ef9549781b221f13b4bab?s=96&d=mm&r=g","url":"https:\/\/secure.gravatar.com\/avatar\/8497d718f60c891079802e88ae93b6c100d284127a9ef9549781b221f13b4bab?s=96&d=mm&r=g","height":96,"width":96}},"publisher":{"@type":"Organization","name":"rehm.cz","logo":{"@type":"ImageObject","@id":"\/logo.png","url":"\/logo.png","width":600,"height":60}},"image":null,"wordCount":206,"keywords":null},{"@type":"Article","@id":"https:\/\/www.rehm.cz\/jak-s-tezkym-nakladem\/","headline":"Jak s t\u011b\u017ek\u00fdm n\u00e1kladem","url":"https:\/\/www.rehm.cz\/jak-s-tezkym-nakladem\/","datePublished":"2025-07-24","dateModified":"2025-07-24","mainEntityOfPage":"https:\/\/www.rehm.cz\/jak-s-tezkym-nakladem\/","author":{"@type":"Person","@id":"https:\/\/www.rehm.cz\/author\/#Person","name":"","url":"https:\/\/www.rehm.cz\/author\/","identifier":1,"image":{"@type":"ImageObject","@id":"https:\/\/secure.gravatar.com\/avatar\/8497d718f60c891079802e88ae93b6c100d284127a9ef9549781b221f13b4bab?s=96&d=mm&r=g","url":"https:\/\/secure.gravatar.com\/avatar\/8497d718f60c891079802e88ae93b6c100d284127a9ef9549781b221f13b4bab?s=96&d=mm&r=g","height":96,"width":96}},"publisher":{"@type":"Organization","name":"rehm.cz","logo":{"@type":"ImageObject","@id":"\/logo.png","url":"\/logo.png","width":600,"height":60}},"image":null,"wordCount":227,"keywords":null},{"@type":"Article","@id":"https:\/\/www.rehm.cz\/firma-s-tradici-co-poskytuje-tradicni-podlahovy-material\/","headline":"Firma s tradic\u00ed, co poskytuje tradi\u010dn\u00ed podlahov\u00fd materi\u00e1l","url":"https:\/\/www.rehm.cz\/firma-s-tradici-co-poskytuje-tradicni-podlahovy-material\/","datePublished":"2025-07-17","dateModified":"2025-07-17","mainEntityOfPage":"https:\/\/www.rehm.cz\/firma-s-tradici-co-poskytuje-tradicni-podlahovy-material\/","author":{"@type":"Person","@id":"https:\/\/www.rehm.cz\/author\/#Person","name":"","url":"https:\/\/www.rehm.cz\/author\/","identifier":1,"image":{"@type":"ImageObject","@id":"https:\/\/secure.gravatar.com\/avatar\/8497d718f60c891079802e88ae93b6c100d284127a9ef9549781b221f13b4bab?s=96&d=mm&r=g","url":"https:\/\/secure.gravatar.com\/avatar\/8497d718f60c891079802e88ae93b6c100d284127a9ef9549781b221f13b4bab?s=96&d=mm&r=g","height":96,"width":96}},"publisher":{"@type":"Organization","name":"rehm.cz","logo":{"@type":"ImageObject","@id":"\/logo.png","url":"\/logo.png","width":600,"height":60}},"image":null,"wordCount":261,"keywords":null},{"@type":"Article","@id":"https:\/\/www.rehm.cz\/pusobivy-a-puvabny-interier\/","headline":"P\u016fsobiv\u00fd a p\u016fvabn\u00fd interi\u00e9r","url":"https:\/\/www.rehm.cz\/pusobivy-a-puvabny-interier\/","datePublished":"2025-07-10","dateModified":"2025-07-10","mainEntityOfPage":"https:\/\/www.rehm.cz\/pusobivy-a-puvabny-interier\/","author":{"@type":"Person","@id":"https:\/\/www.rehm.cz\/author\/#Person","name":"","url":"https:\/\/www.rehm.cz\/author\/","identifier":1,"image":{"@type":"ImageObject","@id":"https:\/\/secure.gravatar.com\/avatar\/8497d718f60c891079802e88ae93b6c100d284127a9ef9549781b221f13b4bab?s=96&d=mm&r=g","url":"https:\/\/secure.gravatar.com\/avatar\/8497d718f60c891079802e88ae93b6c100d284127a9ef9549781b221f13b4bab?s=96&d=mm&r=g","height":96,"width":96}},"publisher":{"@type":"Organization","name":"rehm.cz","logo":{"@type":"ImageObject","@id":"\/logo.png","url":"\/logo.png","width":600,"height":60}},"image":null,"wordCount":205,"keywords":null},{"@type":"Article","@id":"https:\/\/www.rehm.cz\/prakticke-druhy-vybaveni-vasich-koupelen\/","headline":"Praktick\u00e9 druhy vybaven\u00ed va\u0161ich koupelen","url":"https:\/\/www.rehm.cz\/prakticke-druhy-vybaveni-vasich-koupelen\/","datePublished":"2025-07-04","dateModified":"2025-07-04","mainEntityOfPage":"https:\/\/www.rehm.cz\/prakticke-druhy-vybaveni-vasich-koupelen\/","author":{"@type":"Person","@id":"https:\/\/www.rehm.cz\/author\/#Person","name":"","url":"https:\/\/www.rehm.cz\/author\/","identifier":1,"image":{"@type":"ImageObject","@id":"https:\/\/secure.gravatar.com\/avatar\/8497d718f60c891079802e88ae93b6c100d284127a9ef9549781b221f13b4bab?s=96&d=mm&r=g","url":"https:\/\/secure.gravatar.com\/avatar\/8497d718f60c891079802e88ae93b6c100d284127a9ef9549781b221f13b4bab?s=96&d=mm&r=g","height":96,"width":96}},"publisher":{"@type":"Organization","name":"rehm.cz","logo":{"@type":"ImageObject","@id":"\/logo.png","url":"\/logo.png","width":600,"height":60}},"image":null,"wordCount":185,"keywords":null}]},{"@context":"https:\/\/schema.org","@type":"WebSite","@id":"https:\/\/www.rehm.cz\/#website","name":"Rehm","url":"https:\/\/www.rehm.cz","potentialAction":{"@type":"SearchAction","target":"https:\/\/www.rehm.cz\/?s={search_term_string}","query-input":"required name=search_term_string"}}]